{"id":620,"date":"2021-05-04T07:18:29","date_gmt":"2021-05-04T07:18:29","guid":{"rendered":"https:\/\/holstein-michael.de\/?p=620"},"modified":"2021-06-14T18:31:52","modified_gmt":"2021-06-14T18:31:52","slug":"unsere-zukunft-braucht-uns-jetzt","status":"publish","type":"post","link":"https:\/\/holstein-michael.de\/?p=620","title":{"rendered":"Unsere Zukunft braucht uns jetzt!"},"content":{"rendered":"\n<p>Seit 2019 bin ich Mitglied beim B\u00fcndnis 90 \/ Die Gr\u00fcnen. Der Wechsel von Rot (SPD) nach Gr\u00fcn ist mir leicht gefallen. Zum einen waren es sehr pers\u00f6nliche Gr\u00fcnde und zum anderen bin ich nun dort, wo es mir gro\u00dfe Freude macht, im Team zu arbeiten, zu \u00fcberlegen und zu planen. Mit Menschen, die auf einer Wellenl\u00e4nge sind. Im Ortsverband der B&#8217;90\/Gr\u00fcnen in Beelitz, den ich mit gegr\u00fcndet habe und nun dritter Vorsitzender bin, ist es eine Freude zu erleben, wie engagiert Menschen zusammenarbeiten, denen unserer Zukunft am Herzen liegt. <\/p>\n\n\n\n<p class=\"has-text-align-left\">Von Beginn an, haben wir im Ortsverband Fahrt aufgenommen, erste Aktionen durchgef\u00fchrt und wir reden mit allen Fraktionen in der Stadt zum Wohle unserer B\u00fcrgerinnen und B\u00fcrger, unserer Natur und Umwelt. F\u00fcr die Region und die Menschen die hier leben. In diesem Jahr sind Bundestagswahlen. Ich werde im Kreis Potsdam-Mittelmark den Wahlkampf unserer Kandidatinnen unterst\u00fctzen und bin fest davon \u00fcberzeugt, mit Dir wird\u00b4s WIR!<\/p>\n\n\n\n<p class=\"has-text-align-left\"><img loading=\"lazy\" decoding=\"async\" width=\"900\" height=\"1125\" class=\"wp-image-633\" style=\"width: 900px;\" src=\"https:\/\/holstein-michael.de\/wp-content\/uploads\/2021\/05\/Sonnenblume.jpg\" alt=\"\" srcset=\"https:\/\/holstein-michael.de\/wp-content\/uploads\/2021\/05\/Sonnenblume.jpg 828w, https:\/\/holstein-michael.de\/wp-content\/uploads\/2021\/05\/Sonnenblume-240x300.jpg 240w, https:\/\/holstein-michael.de\/wp-content\/uploads\/2021\/05\/Sonnenblume-819x1024.jpg 819w, https:\/\/holstein-michael.de\/wp-content\/uploads\/2021\/05\/Sonnenblume-768x960.jpg 768w\" sizes=\"auto, (max-width: 900px) 100vw, 900px\" \/><\/p>\n\n\n\n<p class=\"has-text-align-left\"><strong><a href=\"https:\/\/www.gruene.de\/mitdir\" data-type=\"URL\" data-id=\"https:\/\/www.gruene.de\/mitdir\">#mitDir wird&#8217;s WIR<\/a>               <a rel=\"noreferrer noopener\" href=\"https:\/\/cms.gruene.de\/uploads\/documents\/2021_Wahlprogrammentwurf.pdf\" data-type=\"URL\" data-id=\"https:\/\/cms.gruene.de\/uploads\/documents\/2021_Wahlprogrammentwurf.pdf\" target=\"_blank\">#allesistdrin<\/a><\/strong> Programmentwurf B90\/Die Gr\u00fcnen<\/p>\n","protected":false},"excerpt":{"rendered":"<p>Seit 2019 bin ich Mitglied beim B\u00fcndnis 90 \/ Die Gr\u00fcnen. Der Wechsel von Rot (SPD) nach Gr\u00fcn ist mir leicht gefallen. Zum einen waren es sehr pers\u00f6nliche Gr\u00fcnde und zum anderen bin ich nun dort, wo es mir gro\u00dfe Freude macht, im Team zu arbeiten, zu \u00fcberlegen und zu [&hellip;]<\/p>\n","protected":false},"author":2,"featured_media":0,"comment_status":"closed","ping_status":"closed","sticky":false,"template":"","format":"standard","meta":{"footnotes":""},"categories":[5],"tags":[],"class_list":["post-620","post","type-post","status-publish","format-standard","hentry","category-bekanntmachung"],"_links":{"self":[{"href":"https:\/\/holstein-michael.de\/index.php?rest_route=\/wp\/v2\/posts\/620","targetHints":{"allow":["GET"]}}],"collection":[{"href":"https:\/\/holstein-michael.de\/index.php?rest_route=\/wp\/v2\/posts"}],"about":[{"href":"https:\/\/holstein-michael.de\/index.php?rest_route=\/wp\/v2\/types\/post"}],"author":[{"embeddable":true,"href":"https:\/\/holstein-michael.de\/index.php?rest_route=\/wp\/v2\/users\/2"}],"replies":[{"embeddable":true,"href":"https:\/\/holstein-michael.de\/index.php?rest_route=%2Fwp%2Fv2%2Fcomments&post=620"}],"version-history":[{"count":3,"href":"https:\/\/holstein-michael.de\/index.php?rest_route=\/wp\/v2\/posts\/620\/revisions"}],"predecessor-version":[{"id":635,"href":"https:\/\/holstein-michael.de\/index.php?rest_route=\/wp\/v2\/posts\/620\/revisions\/635"}],"wp:attachment":[{"href":"https:\/\/holstein-michael.de\/index.php?rest_route=%2Fwp%2Fv2%2Fmedia&parent=620"}],"wp:term":[{"taxonomy":"category","embeddable":true,"href":"https:\/\/holstein-michael.de\/index.php?rest_route=%2Fwp%2Fv2%2Fcategories&post=620"},{"taxonomy":"post_tag","embeddable":true,"href":"https:\/\/holstein-michael.de\/index.php?rest_route=%2Fwp%2Fv2%2Ftags&post=620"}],"curies":[{"name":"wp","href":"https:\/\/api.w.org\/{rel}","templated":true}]}}