{"id":340,"date":"2018-09-15T07:23:42","date_gmt":"2018-09-15T07:23:42","guid":{"rendered":"http:\/\/holstein-fuer-schwielowsee.de\/?p=340"},"modified":"2018-09-18T14:30:12","modified_gmt":"2018-09-18T14:30:12","slug":"gedanken-am-morgen","status":"publish","type":"post","link":"https:\/\/holstein-michael.de\/?p=340","title":{"rendered":"Gedanken zum Thema: &#8222;Der hat doch keine Verwaltungserfahrung&#8230;&#8220;"},"content":{"rendered":"<p>Durch meine T\u00e4tigkeit bei Bayer und in anderen Organisationen bei denen ich in Leitungsfunktionen mit gestalte, habe ich viel Erfahrung im Verwaltungshandeln. Als Chef einer Gemeindeverwaltung muss ich mich erst einarbeiten. Daf\u00fcr habe ich bis zum m\u00f6glichen Amtsantritt am 1. M\u00e4rz 2019 gen\u00fcgend Zeit. Diese Zeit werde ich nutzen und mir bei einem B\u00fcrgermeister und einer B\u00fcrgermeisterin aus Nachbargemeinden Einblicke <span class=\"text_exposed_show\">zu verschaffen. Diese Zusagen habe ich bereits. Ein Beispiel, da\u00df das gut gehen kann, ist ja die B\u00fcrgermeisterin selbst. Sie hatte als Bauingenieurin und relativer Newcomer im Rathaus angefangen, die fast niemand vorher kannte. Das hat bekanntlich 16 Jahre lang gehalten. Allerdings hat Sie sich erst nach reiflicher \u00dcberlegung f\u00fcr eine dritte und letzte Amtzeit zur Verf\u00fcgung gestellt, so ihre eigenen Angaben im Havelboten. <\/span><\/p>\n<div class=\"text_exposed_show\">\n<p>Das ist keine gute Voraussetzung um eingefahrene Gleise zu verlassen, Fehler der Vergangenheit aufzuarbeiten und um neue Wege zu gehen!<br \/>\nIch bin hoch motiviert und m\u00f6chte neue Akzente setzen.<\/p>\n<p>Jetzt ist die Chance da!<br \/>\n8 weitere Jahre \u201czu verlieren\u201d, das w\u00e4re ein schwerer Fehler in der der Schwielowseer Gemeindepolitik!<\/p>\n<p>Herzlichst, Michael Holstein<\/p>\n<\/div>\n","protected":false},"excerpt":{"rendered":"<p>Durch meine T\u00e4tigkeit bei Bayer und in anderen Organisationen bei denen ich in Leitungsfunktionen mit gestalte, habe ich viel Erfahrung im Verwaltungshandeln. Als Chef einer Gemeindeverwaltung muss ich mich erst einarbeiten. Daf\u00fcr habe ich bis zum m\u00f6glichen Amtsantritt am 1. M\u00e4rz 2019 gen\u00fcgend Zeit. Diese Zeit werde ich nutzen und [&hellip;]<\/p>\n","protected":false},"author":2,"featured_media":0,"comment_status":"closed","ping_status":"closed","sticky":false,"template":"","format":"standard","meta":{"footnotes":""},"categories":[16],"tags":[35,30],"class_list":["post-340","post","type-post","status-publish","format-standard","hentry","category-gedanken-zum-thema","tag-amtszeit","tag-verwaltung"],"_links":{"self":[{"href":"https:\/\/holstein-michael.de\/index.php?rest_route=\/wp\/v2\/posts\/340","targetHints":{"allow":["GET"]}}],"collection":[{"href":"https:\/\/holstein-michael.de\/index.php?rest_route=\/wp\/v2\/posts"}],"about":[{"href":"https:\/\/holstein-michael.de\/index.php?rest_route=\/wp\/v2\/types\/post"}],"author":[{"embeddable":true,"href":"https:\/\/holstein-michael.de\/index.php?rest_route=\/wp\/v2\/users\/2"}],"replies":[{"embeddable":true,"href":"https:\/\/holstein-michael.de\/index.php?rest_route=%2Fwp%2Fv2%2Fcomments&post=340"}],"version-history":[{"count":8,"href":"https:\/\/holstein-michael.de\/index.php?rest_route=\/wp\/v2\/posts\/340\/revisions"}],"predecessor-version":[{"id":356,"href":"https:\/\/holstein-michael.de\/index.php?rest_route=\/wp\/v2\/posts\/340\/revisions\/356"}],"wp:attachment":[{"href":"https:\/\/holstein-michael.de\/index.php?rest_route=%2Fwp%2Fv2%2Fmedia&parent=340"}],"wp:term":[{"taxonomy":"category","embeddable":true,"href":"https:\/\/holstein-michael.de\/index.php?rest_route=%2Fwp%2Fv2%2Fcategories&post=340"},{"taxonomy":"post_tag","embeddable":true,"href":"https:\/\/holstein-michael.de\/index.php?rest_route=%2Fwp%2Fv2%2Ftags&post=340"}],"curies":[{"name":"wp","href":"https:\/\/api.w.org\/{rel}","templated":true}]}}