{"id":233,"date":"2018-07-09T04:50:45","date_gmt":"2018-07-09T04:50:45","guid":{"rendered":"http:\/\/holstein-fuer-schwielowsee.de\/?p=233"},"modified":"2018-07-09T04:50:45","modified_gmt":"2018-07-09T04:50:45","slug":"das-weisse-fest-am-blauen-band","status":"publish","type":"post","link":"https:\/\/holstein-michael.de\/?p=233","title":{"rendered":"Das wei\u00dfe Fest am blauen Band"},"content":{"rendered":"<p>Das wei\u00dfe Fest am blauen Band in Schwielowsee. Ein herrlicher Tag am Wasser mit Einwohnern, Freunden und G\u00e4sten beim Picknick und mit musikalischer Untermalung. Heute habe ich wieder viele Menschen getroffen bei denen ich mich vorstellen konnte. Die Anzahl der Bekannten in der Gemeinde w\u00e4chst und es ist sch\u00f6n, die Zusprache dieser Menschen zu erfahren. Dieses Fest, das seit wenigen Jahren in Caputh, Geltow und Ferch gefeiert wird, ist eine fantastische Idee um Menschen zusammen zu bringen. Jeder ist wei\u00df gekleidet und bringt einen Picknick Korb mit Selbstgemachtem mit. Viele kennen sich. Aber es kommen auch viele Besucher, die begeistert von diesem Fest, mitfeiern. Mir hat es sehr gefallen!<\/p>\n<p><img loading=\"lazy\" decoding=\"async\" src=\"http:\/\/holstein-fuer-schwielowsee.de\/wp-content\/uploads\/2018\/07\/Foto-07.07.18-16-16-42-300x225.jpg\" alt=\"\" class=\"alignnone size-medium wp-image-234\" width=\"300\" height=\"225\" srcset=\"https:\/\/holstein-michael.de\/wp-content\/uploads\/2018\/07\/Foto-07.07.18-16-16-42-300x225.jpg 300w, https:\/\/holstein-michael.de\/wp-content\/uploads\/2018\/07\/Foto-07.07.18-16-16-42-768x576.jpg 768w, https:\/\/holstein-michael.de\/wp-content\/uploads\/2018\/07\/Foto-07.07.18-16-16-42-1024x768.jpg 1024w\" sizes=\"auto, (max-width: 300px) 100vw, 300px\" \/>\u00a0 <img loading=\"lazy\" decoding=\"async\" src=\"http:\/\/holstein-fuer-schwielowsee.de\/wp-content\/uploads\/2018\/07\/Foto-07.07.18-19-09-16-1-300x225.jpg\" alt=\"\" class=\"alignnone size-medium wp-image-235\" width=\"300\" height=\"225\" srcset=\"https:\/\/holstein-michael.de\/wp-content\/uploads\/2018\/07\/Foto-07.07.18-19-09-16-1-300x225.jpg 300w, https:\/\/holstein-michael.de\/wp-content\/uploads\/2018\/07\/Foto-07.07.18-19-09-16-1-768x576.jpg 768w, https:\/\/holstein-michael.de\/wp-content\/uploads\/2018\/07\/Foto-07.07.18-19-09-16-1-1024x768.jpg 1024w\" sizes=\"auto, (max-width: 300px) 100vw, 300px\" \/><\/p>\n","protected":false},"excerpt":{"rendered":"<p>Das wei\u00dfe Fest am blauen Band in Schwielowsee. Ein herrlicher Tag am Wasser mit Einwohnern, Freunden und G\u00e4sten beim Picknick und mit musikalischer Untermalung. Heute habe ich wieder viele Menschen getroffen bei denen ich mich vorstellen konnte. Die Anzahl der Bekannten in der Gemeinde w\u00e4chst und es ist sch\u00f6n, die [&hellip;]<\/p>\n","protected":false},"author":2,"featured_media":0,"comment_status":"closed","ping_status":"closed","sticky":false,"template":"","format":"standard","meta":{"footnotes":""},"categories":[4],"tags":[],"class_list":["post-233","post","type-post","status-publish","format-standard","hentry","category-schwielowsee"],"_links":{"self":[{"href":"https:\/\/holstein-michael.de\/index.php?rest_route=\/wp\/v2\/posts\/233","targetHints":{"allow":["GET"]}}],"collection":[{"href":"https:\/\/holstein-michael.de\/index.php?rest_route=\/wp\/v2\/posts"}],"about":[{"href":"https:\/\/holstein-michael.de\/index.php?rest_route=\/wp\/v2\/types\/post"}],"author":[{"embeddable":true,"href":"https:\/\/holstein-michael.de\/index.php?rest_route=\/wp\/v2\/users\/2"}],"replies":[{"embeddable":true,"href":"https:\/\/holstein-michael.de\/index.php?rest_route=%2Fwp%2Fv2%2Fcomments&post=233"}],"version-history":[{"count":1,"href":"https:\/\/holstein-michael.de\/index.php?rest_route=\/wp\/v2\/posts\/233\/revisions"}],"predecessor-version":[{"id":236,"href":"https:\/\/holstein-michael.de\/index.php?rest_route=\/wp\/v2\/posts\/233\/revisions\/236"}],"wp:attachment":[{"href":"https:\/\/holstein-michael.de\/index.php?rest_route=%2Fwp%2Fv2%2Fmedia&parent=233"}],"wp:term":[{"taxonomy":"category","embeddable":true,"href":"https:\/\/holstein-michael.de\/index.php?rest_route=%2Fwp%2Fv2%2Fcategories&post=233"},{"taxonomy":"post_tag","embeddable":true,"href":"https:\/\/holstein-michael.de\/index.php?rest_route=%2Fwp%2Fv2%2Ftags&post=233"}],"curies":[{"name":"wp","href":"https:\/\/api.w.org\/{rel}","templated":true}]}}