{"id":189,"date":"2018-06-24T16:06:29","date_gmt":"2018-06-24T16:06:29","guid":{"rendered":"http:\/\/holstein-fuer-schwielowsee.de\/?p=189"},"modified":"2018-06-24T18:29:09","modified_gmt":"2018-06-24T18:29:09","slug":"auf-dem-wasser-mit-der-belvedere","status":"publish","type":"post","link":"https:\/\/holstein-michael.de\/?p=189","title":{"rendered":"Auf dem Wasser mit der Belvedere"},"content":{"rendered":"<p>Mit 250 Senioren auf der Belvedere unterwegs. Die Senioreninitiative Caputh organisiert dies seit vielen Jahrzehnten. Somit hatte ich den ganzen Tag die Gelegenheit mit erfahrenen Einwohnern aller Orte in Schwielowsee ins Gespr\u00e4ch zu kommen. Neben der amtierenden B\u00fcrgermeisterin waren auch die Ortsvorsteher mit an Board. Danke an Wolf Tiehle f\u00fcr die Einladung! <span class=\"_5mfr _47e3\"><img loading=\"lazy\" decoding=\"async\" class=\"img\" role=\"presentation\" src=\"https:\/\/static.xx.fbcdn.net\/images\/emoji.php\/v9\/ff3\/1.5\/16\/2764.png\" alt=\"\" width=\"16\" height=\"16\" \/> Donnerstag 21. Juni 2018<br \/>\n<\/span><\/p>\n<p><img loading=\"lazy\" decoding=\"async\" src=\"http:\/\/holstein-fuer-schwielowsee.de\/wp-content\/uploads\/2018\/06\/Schiff_Belvedere-300x300.jpg\" alt=\"\" class=\"alignnone size-medium wp-image-190\" width=\"300\" height=\"300\" srcset=\"https:\/\/holstein-michael.de\/wp-content\/uploads\/2018\/06\/Schiff_Belvedere-300x300.jpg 300w, https:\/\/holstein-michael.de\/wp-content\/uploads\/2018\/06\/Schiff_Belvedere-150x150.jpg 150w, https:\/\/holstein-michael.de\/wp-content\/uploads\/2018\/06\/Schiff_Belvedere-768x768.jpg 768w, https:\/\/holstein-michael.de\/wp-content\/uploads\/2018\/06\/Schiff_Belvedere.jpg 808w\" sizes=\"auto, (max-width: 300px) 100vw, 300px\" \/><\/p>\n<p>&nbsp;<\/p>\n<p>&nbsp;<\/p>\n","protected":false},"excerpt":{"rendered":"<p>Mit 250 Senioren auf der Belvedere unterwegs. Die Senioreninitiative Caputh organisiert dies seit vielen Jahrzehnten. Somit hatte ich den ganzen Tag die Gelegenheit mit erfahrenen Einwohnern aller Orte in Schwielowsee ins Gespr\u00e4ch zu kommen. Neben der amtierenden B\u00fcrgermeisterin waren auch die Ortsvorsteher mit an Board. Danke an Wolf Tiehle f\u00fcr [&hellip;]<\/p>\n","protected":false},"author":2,"featured_media":0,"comment_status":"closed","ping_status":"open","sticky":false,"template":"","format":"standard","meta":{"footnotes":""},"categories":[7],"tags":[],"class_list":["post-189","post","type-post","status-publish","format-standard","hentry","category-senioren"],"_links":{"self":[{"href":"https:\/\/holstein-michael.de\/index.php?rest_route=\/wp\/v2\/posts\/189","targetHints":{"allow":["GET"]}}],"collection":[{"href":"https:\/\/holstein-michael.de\/index.php?rest_route=\/wp\/v2\/posts"}],"about":[{"href":"https:\/\/holstein-michael.de\/index.php?rest_route=\/wp\/v2\/types\/post"}],"author":[{"embeddable":true,"href":"https:\/\/holstein-michael.de\/index.php?rest_route=\/wp\/v2\/users\/2"}],"replies":[{"embeddable":true,"href":"https:\/\/holstein-michael.de\/index.php?rest_route=%2Fwp%2Fv2%2Fcomments&post=189"}],"version-history":[{"count":2,"href":"https:\/\/holstein-michael.de\/index.php?rest_route=\/wp\/v2\/posts\/189\/revisions"}],"predecessor-version":[{"id":192,"href":"https:\/\/holstein-michael.de\/index.php?rest_route=\/wp\/v2\/posts\/189\/revisions\/192"}],"wp:attachment":[{"href":"https:\/\/holstein-michael.de\/index.php?rest_route=%2Fwp%2Fv2%2Fmedia&parent=189"}],"wp:term":[{"taxonomy":"category","embeddable":true,"href":"https:\/\/holstein-michael.de\/index.php?rest_route=%2Fwp%2Fv2%2Fcategories&post=189"},{"taxonomy":"post_tag","embeddable":true,"href":"https:\/\/holstein-michael.de\/index.php?rest_route=%2Fwp%2Fv2%2Ftags&post=189"}],"curies":[{"name":"wp","href":"https:\/\/api.w.org\/{rel}","templated":true}]}}